{"id":4382,"date":"2020-06-11T08:56:22","date_gmt":"2020-06-11T15:56:22","guid":{"rendered":"https:\/\/www.clevelandmetzlaw.com\/?p=4382"},"modified":"2021-03-03T09:47:31","modified_gmt":"2021-03-03T17:47:31","slug":"despidos-indemnizaciones-por-desempleo-y-demandas-por-traumatismos-acumulativos-y-lesiones-repetitivas","status":"publish","type":"post","link":"https:\/\/www.clevelandmetzlaw.com\/es\/layoffs-post-terminations-unemployment-and-cumulative-trauma-and-repetitive-injury-claims\/","title":{"rendered":"Despidos, despidos posteriores, desempleo y traumatismos acumulativos y reclamaciones por lesiones repetitivas"},"content":{"rendered":"<h3>\u00a0<a href=\"tel:1-909-980-9703\"><img loading=\"lazy\" decoding=\"async\" class=\"alignnone wp-image-6223 size-full\" src=\"https:\/\/www.clevelandmetzlaw.com\/wp-content\/uploads\/2021\/03\/heder-phone-1-1.png\" alt=\"\" width=\"29\" height=\"29\" srcset=\"https:\/\/www.clevelandmetzlaw.com\/wp-content\/uploads\/2021\/03\/heder-phone-1-1.png 29w, https:\/\/www.clevelandmetzlaw.com\/wp-content\/uploads\/2021\/03\/heder-phone-1-1-12x12.png 12w\" sizes=\"auto, (max-width: 29px) 100vw, 29px\" \/> <\/a><a href=\"tel: 1-909-980-9703\">Llamada<\/a>\u00a0 \u00a0<a href=\"mailto:cc@clevelandmetzlaw.com\"><img loading=\"lazy\" decoding=\"async\" class=\"alignnone wp-image-6221\" src=\"https:\/\/www.clevelandmetzlaw.com\/wp-content\/uploads\/2021\/03\/email-icon-150x150-1.jpg\" alt=\"\" width=\"29\" height=\"29\" srcset=\"https:\/\/www.clevelandmetzlaw.com\/wp-content\/uploads\/2021\/03\/email-icon-150x150-1.jpg 150w, https:\/\/www.clevelandmetzlaw.com\/wp-content\/uploads\/2021\/03\/email-icon-150x150-1-12x12.jpg 12w\" sizes=\"auto, (max-width: 29px) 100vw, 29px\" \/><\/a> <a href=\"mailto:cc@clevelandmetzlaw.com\"><strong>Correo electr\u00f3nico<\/strong><\/a><strong>\u00a0\u00a0<\/strong><strong> <a href=\"sms:1-909-303-6374\"><img loading=\"lazy\" decoding=\"async\" class=\"alignnone wp-image-6222\" src=\"https:\/\/www.clevelandmetzlaw.com\/wp-content\/uploads\/2021\/03\/Cleveland-Metz-Text-150x150-1.png\" alt=\"\" width=\"29\" height=\"29\" srcset=\"https:\/\/www.clevelandmetzlaw.com\/wp-content\/uploads\/2021\/03\/Cleveland-Metz-Text-150x150-1.png 150w, https:\/\/www.clevelandmetzlaw.com\/wp-content\/uploads\/2021\/03\/Cleveland-Metz-Text-150x150-1-12x12.png 12w\" sizes=\"auto, (max-width: 29px) 100vw, 29px\" \/><\/a>\u00a0<\/strong><a href=\"sms:1-909-303-6374\">Texto<\/a>\u00a0 <a href=\"https:\/\/www.clevelandmetzlaw.com\/es\/encuentranos\/\"><img loading=\"lazy\" decoding=\"async\" class=\"alignnone wp-image-6224\" src=\"https:\/\/www.clevelandmetzlaw.com\/wp-content\/uploads\/2021\/03\/map-icon-ClevelandMetz-150x150-1.png\" alt=\"\" width=\"29\" height=\"29\" srcset=\"https:\/\/www.clevelandmetzlaw.com\/wp-content\/uploads\/2021\/03\/map-icon-ClevelandMetz-150x150-1.png 150w, https:\/\/www.clevelandmetzlaw.com\/wp-content\/uploads\/2021\/03\/map-icon-ClevelandMetz-150x150-1-12x12.png 12w\" sizes=\"auto, (max-width: 29px) 100vw, 29px\" \/><\/a> <a href=\"https:\/\/www.clevelandmetzlaw.com\/es\/encuentranos\/\">Mapa<\/a><\/h3>\n<p>Oficina de Calificaci\u00f3n de Seguros de Compensaci\u00f3n para Trabajadores <a href=\"http:\/\/r20.rs6.net\/tn.jsp?f=001MOp8JnQCRYP3equzjkMKP4RzFTfC8o30l2b3gPkzb3VSoyB3h88qJW3NdNWJc7VVAQwX_rJeh9w-SNloIAT4AojHbOo4tlOAgdbpV7f9R_9UXG-ZFiQwKAivmGGu7r6CXPFx7_SB_1S-Vo-UW-mU7EFZnxwwctG3DxjoMb8_P9C4bd04YV70tTl09jIidyleokh-Ex2fLgmhsjwCrINZH5eH804upKQ-5D6sFIQJgc_iGLmVbFpXxumLF2-ryDIp4gkAWtCAJmn93GBILDR-1lnY9zDql_SbywvtMtrOjbY=&amp;c=k7ChAOjZuMqir2Q7Ta8EUA5fMFY7BZc6NJPy95hCT_re9PBzNoA_4g==&amp;ch=-KGeRu-m6QL3tL5wrT_MMecBSk1BZl5I26nTze7VIerDwtvvyQxbvw==\">public\u00f3 un informe la semana pasada<\/a> detallando los impactos hist\u00f3ricos de las recientes recesiones econ\u00f3micas en el sistema de compensaci\u00f3n para trabajadores de California. Las compa\u00f1\u00edas de seguros de compensaci\u00f3n para trabajadores est\u00e1n utilizando esta pandemia como una oportunidad para atacar reclamos por traumas acumulativos y lesiones repetitivas.<\/p>\n<p><a href=\"https:\/\/www.clevelandmetzlaw.com\/wp-content\/uploads\/2020\/06\/Workers-Comp.-for-COVIT-19-essential-workers-ClevelandMetz.jpg\"><img loading=\"lazy\" decoding=\"async\" class=\"alignright wp-image-4385 size-thumbnail\" src=\"https:\/\/www.clevelandmetzlaw.com\/wp-content\/uploads\/2020\/06\/Workers-Comp.-for-COVIT-19-essential-workers-ClevelandMetz-160x160.jpg\" alt=\"Fontana reclamaciones por traumatismos acumulativos y lesiones repetitivas tras despido despedido desempleo\" width=\"160\" height=\"160\" srcset=\"https:\/\/www.clevelandmetzlaw.com\/wp-content\/uploads\/2020\/06\/Workers-Comp.-for-COVIT-19-essential-workers-ClevelandMetz-160x160.jpg 160w, https:\/\/www.clevelandmetzlaw.com\/wp-content\/uploads\/2020\/06\/Workers-Comp.-for-COVIT-19-essential-workers-ClevelandMetz-250x250.jpg 250w, https:\/\/www.clevelandmetzlaw.com\/wp-content\/uploads\/2020\/06\/Workers-Comp.-for-COVIT-19-essential-workers-ClevelandMetz-174x174.jpg 174w\" sizes=\"auto, (max-width: 160px) 100vw, 160px\" \/><\/a>El informe se\u00f1ala que, si bien la frecuencia general de las reclamaciones ha disminuido m\u00e1s en los a\u00f1os de recesi\u00f3n econ\u00f3mica que en los a\u00f1os de expansi\u00f3n econ\u00f3mica, la tasa de reclamaciones por traumatismos acumulativos y lesiones repetitivas ha aumentado durante las recesiones econ\u00f3micas. En un an\u00e1lisis de la cantidad de reclamos que se remontan a 2012, la WCIRB encontr\u00f3 que se presentaron alrededor de 25 reclamos de CT posteriores al despido por cada 1,000 empleos perdidos. Luego, el informe usa estos n\u00fameros para estimar el n\u00famero de reclamos de CT que se pueden presentar durante el pr\u00f3ximo a\u00f1o en correlaci\u00f3n con las p\u00e9rdidas de empleo incurridas como resultado de la pandemia de COVID-19.<\/p>\n<p>\u201cSi solo el 50 por ciento de la tasa de reclamos posteriores al despido se aplica a los 4.3 millones de californianos que han perdido sus trabajos desde el inicio de la pandemia COVID-19, se podr\u00edan presentar alrededor de 54,000 reclamos posteriores al despido durante el pr\u00f3ximo a\u00f1o, aumentando en todo el estado frecuencia de reclamaciones de indemnizaci\u00f3n en aproximadamente un 25 por ciento \u201d, indica el informe en su resumen ejecutivo. Sin embargo, al examinar la correlaci\u00f3n de las tasas de desempleo con los reclamos acumulados por traumas, no hay base para este nuevo escenario apocal\u00edptico de la WCIRB.<\/p>\n<p>En 2018, California tuvo una tasa de desempleo del 4.4 por ciento y 54,000 reclamos acumulados por lesiones por trauma. En 2011, California ten\u00eda una tasa de desempleo del 12.1 por ciento y 54,000 reclamos acumulados por lesiones por trauma. Tres veces m\u00e1s desempleo y la misma cantidad de reclamos acumulados por trauma. Entonces, asumiendo que California ver\u00e1 una tasa de desempleo promedio del 20 por ciento este a\u00f1o, si una diferencia del 8 por ciento en el desempleo de 2011 a 2018 no cambi\u00f3 la cantidad de lesiones por trauma acumuladas, \u00bfpor qu\u00e9 la WCIRB especula que una diferencia del 8 por ciento entre 2011 y 2020 provocar\u00e1 un salto espectacular? Parece que est\u00e1n de nuevo con los n\u00fameros alarmistas, al igual que lo hicieron con sus <a href=\"http:\/\/r20.rs6.net\/tn.jsp?f=001MOp8JnQCRYP3equzjkMKP4RzFTfC8o30l2b3gPkzb3VSoyB3h88qJW3NdNWJc7VVvW1AFNDqRj_HABBRfxleDbiBd7J8DFrJewN1C0tm30ywiHgV5WkHf5LdXo_IGNj307PO60G3ADwyQ3SwnuL49BDIgMjz9OCFweHkHfR5CYCBnMw4Ks2zrHnkLK_yLj_oMLE0_VWi0ecK7OxvJHqLXBPvzGL7cTOBxofeNUjyZEjchLQ6hQe2FSRB7GqP_ITz6wy0wBkOJHoasQ5qhOeFiQ==&amp;c=k7ChAOjZuMqir2Q7Ta8EUA5fMFY7BZc6NJPy95hCT_re9PBzNoA_4g==&amp;ch=-KGeRu-m6QL3tL5wrT_MMecBSk1BZl5I26nTze7VIerDwtvvyQxbvw==\">estimaciones recientes de presunci\u00f3n de COVID-19<\/a>, tratando de debilitar el sistema de compensaci\u00f3n para trabajadores justo cuando los trabajadores m\u00e1s lo necesitan<\/p>","protected":false},"excerpt":{"rendered":"<p>\u00a0 Call Email Text Map Workers' Compensation Insurance Rating Bureau public\u00f3 un informe la semana pasada detallando los impactos hist\u00f3ricos de las recientes recesiones econ\u00f3micas en el sistema de compensaci\u00f3n de trabajadores de California. Las compa\u00f1\u00edas de seguros de compensaci\u00f3n de trabajadores est\u00e1n utilizando esta pandemia como una oportunidad para atacar el trauma acumulativo y las reclamaciones por lesiones repetitivas. El informe se\u00f1ala que, si bien la...<\/p>","protected":false},"author":2,"featured_media":0,"comment_status":"closed","ping_status":"closed","sticky":false,"template":"","format":"standard","meta":{"footnotes":""},"categories":[91],"tags":[],"class_list":["post-4382","post","type-post","status-publish","format-standard","hentry","category-fontana-covid-19-lay-offs-unemployment-furloughed-fired-post-termination-claims"],"yoast_head":"<!-- This site is optimized with the Yoast SEO plugin v27.5 - https:\/\/yoast.com\/product\/yoast-seo-wordpress\/ -->\n<title>Layoffs, Post Terminations, Unemployment and Cumulative Trauma and Repetitive Injury Claims - Cleveland Metz Law<\/title>\n<meta name=\"robots\" content=\"index, follow, max-snippet:-1, max-image-preview:large, max-video-preview:-1\" \/>\n<link rel=\"canonical\" href=\"https:\/\/www.clevelandmetzlaw.com\/es\/despidos-indemnizaciones-por-desempleo-y-demandas-por-traumatismos-acumulativos-y-lesiones-repetitivas\/\" \/>\n<meta property=\"og:locale\" content=\"es_MX\" \/>\n<meta property=\"og:type\" content=\"article\" \/>\n<meta property=\"og:title\" content=\"Layoffs, Post Terminations, Unemployment and Cumulative Trauma and Repetitive Injury Claims - Cleveland Metz Law\" \/>\n<meta property=\"og:description\" content=\"\u00a0 Call\u00a0 \u00a0 Email\u00a0\u00a0 \u00a0Text\u00a0 Map Workers\u2019 Compensation Insurance Rating Bureau released a report last week detailing the historic impacts of recent economic downturns on California\u2019s workers\u2019 compensation system. Workers\u2019 Compensation Insurance companies are using this pandemic as an opportunity to attack cumulative trauma and repetitive injury claims. The report notes that while overall claim&hellip;\" \/>\n<meta property=\"og:url\" content=\"https:\/\/www.clevelandmetzlaw.com\/es\/despidos-indemnizaciones-por-desempleo-y-demandas-por-traumatismos-acumulativos-y-lesiones-repetitivas\/\" \/>\n<meta property=\"og:site_name\" content=\"Cleveland Metz Law\" \/>\n<meta property=\"article:published_time\" content=\"2020-06-11T15:56:22+00:00\" \/>\n<meta property=\"article:modified_time\" content=\"2021-03-03T17:47:31+00:00\" \/>\n<meta property=\"og:image\" content=\"https:\/\/www.clevelandmetzlaw.com\/wp-content\/uploads\/2021\/03\/heder-phone-1-1.png\" \/>\n<meta name=\"author\" content=\"Charles Cleveland\" \/>\n<meta name=\"twitter:card\" content=\"summary_large_image\" \/>\n<meta name=\"twitter:label1\" content=\"Escrito por\" \/>\n\t<meta name=\"twitter:data1\" content=\"Charles Cleveland\" \/>\n\t<meta name=\"twitter:label2\" content=\"Tiempo de lectura\" \/>\n\t<meta name=\"twitter:data2\" content=\"2 minutos\" \/>\n<script type=\"application\/ld+json\" class=\"yoast-schema-graph\">{\"@context\":\"https:\\\/\\\/schema.org\",\"@graph\":[{\"@type\":\"Article\",\"@id\":\"https:\\\/\\\/www.clevelandmetzlaw.com\\\/layoffs-post-terminations-unemployment-and-cumulative-trauma-and-repetitive-injury-claims\\\/#article\",\"isPartOf\":{\"@id\":\"https:\\\/\\\/www.clevelandmetzlaw.com\\\/layoffs-post-terminations-unemployment-and-cumulative-trauma-and-repetitive-injury-claims\\\/\"},\"author\":{\"name\":\"Charles Cleveland\",\"@id\":\"https:\\\/\\\/www.clevelandmetzlaw.com\\\/#\\\/schema\\\/person\\\/40b40b8e00004f9144441613210cdd3d\"},\"headline\":\"Layoffs, Post Terminations, Unemployment and Cumulative Trauma and Repetitive Injury Claims\",\"datePublished\":\"2020-06-11T15:56:22+00:00\",\"dateModified\":\"2021-03-03T17:47:31+00:00\",\"mainEntityOfPage\":{\"@id\":\"https:\\\/\\\/www.clevelandmetzlaw.com\\\/layoffs-post-terminations-unemployment-and-cumulative-trauma-and-repetitive-injury-claims\\\/\"},\"wordCount\":346,\"image\":{\"@id\":\"https:\\\/\\\/www.clevelandmetzlaw.com\\\/layoffs-post-terminations-unemployment-and-cumulative-trauma-and-repetitive-injury-claims\\\/#primaryimage\"},\"thumbnailUrl\":\"https:\\\/\\\/www.clevelandmetzlaw.com\\\/wp-content\\\/uploads\\\/2021\\\/03\\\/heder-phone-1-1.png\",\"articleSection\":[\"Fontana COVID-19 lay offs unemployment furloughed fired post termination claims\"],\"inLanguage\":\"es\"},{\"@type\":\"WebPage\",\"@id\":\"https:\\\/\\\/www.clevelandmetzlaw.com\\\/layoffs-post-terminations-unemployment-and-cumulative-trauma-and-repetitive-injury-claims\\\/\",\"url\":\"https:\\\/\\\/www.clevelandmetzlaw.com\\\/layoffs-post-terminations-unemployment-and-cumulative-trauma-and-repetitive-injury-claims\\\/\",\"name\":\"Layoffs, Post Terminations, Unemployment and Cumulative Trauma and Repetitive Injury Claims - Cleveland Metz Law\",\"isPartOf\":{\"@id\":\"https:\\\/\\\/www.clevelandmetzlaw.com\\\/#website\"},\"primaryImageOfPage\":{\"@id\":\"https:\\\/\\\/www.clevelandmetzlaw.com\\\/layoffs-post-terminations-unemployment-and-cumulative-trauma-and-repetitive-injury-claims\\\/#primaryimage\"},\"image\":{\"@id\":\"https:\\\/\\\/www.clevelandmetzlaw.com\\\/layoffs-post-terminations-unemployment-and-cumulative-trauma-and-repetitive-injury-claims\\\/#primaryimage\"},\"thumbnailUrl\":\"https:\\\/\\\/www.clevelandmetzlaw.com\\\/wp-content\\\/uploads\\\/2021\\\/03\\\/heder-phone-1-1.png\",\"datePublished\":\"2020-06-11T15:56:22+00:00\",\"dateModified\":\"2021-03-03T17:47:31+00:00\",\"author\":{\"@id\":\"https:\\\/\\\/www.clevelandmetzlaw.com\\\/#\\\/schema\\\/person\\\/40b40b8e00004f9144441613210cdd3d\"},\"breadcrumb\":{\"@id\":\"https:\\\/\\\/www.clevelandmetzlaw.com\\\/layoffs-post-terminations-unemployment-and-cumulative-trauma-and-repetitive-injury-claims\\\/#breadcrumb\"},\"inLanguage\":\"es\",\"potentialAction\":[{\"@type\":\"ReadAction\",\"target\":[\"https:\\\/\\\/www.clevelandmetzlaw.com\\\/layoffs-post-terminations-unemployment-and-cumulative-trauma-and-repetitive-injury-claims\\\/\"]}]},{\"@type\":\"ImageObject\",\"inLanguage\":\"es\",\"@id\":\"https:\\\/\\\/www.clevelandmetzlaw.com\\\/layoffs-post-terminations-unemployment-and-cumulative-trauma-and-repetitive-injury-claims\\\/#primaryimage\",\"url\":\"https:\\\/\\\/www.clevelandmetzlaw.com\\\/wp-content\\\/uploads\\\/2021\\\/03\\\/heder-phone-1-1.png\",\"contentUrl\":\"https:\\\/\\\/www.clevelandmetzlaw.com\\\/wp-content\\\/uploads\\\/2021\\\/03\\\/heder-phone-1-1.png\"},{\"@type\":\"BreadcrumbList\",\"@id\":\"https:\\\/\\\/www.clevelandmetzlaw.com\\\/layoffs-post-terminations-unemployment-and-cumulative-trauma-and-repetitive-injury-claims\\\/#breadcrumb\",\"itemListElement\":[{\"@type\":\"ListItem\",\"position\":1,\"name\":\"Home\",\"item\":\"https:\\\/\\\/www.clevelandmetzlaw.com\\\/\"},{\"@type\":\"ListItem\",\"position\":2,\"name\":\"Layoffs, Post Terminations, Unemployment and Cumulative Trauma and Repetitive Injury Claims\"}]},{\"@type\":\"WebSite\",\"@id\":\"https:\\\/\\\/www.clevelandmetzlaw.com\\\/#website\",\"url\":\"https:\\\/\\\/www.clevelandmetzlaw.com\\\/\",\"name\":\"Cleveland Metz Law\",\"description\":\"California Work Injury &amp; Workers Compensation Attorney\",\"potentialAction\":[{\"@type\":\"SearchAction\",\"target\":{\"@type\":\"EntryPoint\",\"urlTemplate\":\"https:\\\/\\\/www.clevelandmetzlaw.com\\\/?s={search_term_string}\"},\"query-input\":{\"@type\":\"PropertyValueSpecification\",\"valueRequired\":true,\"valueName\":\"search_term_string\"}}],\"inLanguage\":\"es\"},{\"@type\":\"Person\",\"@id\":\"https:\\\/\\\/www.clevelandmetzlaw.com\\\/#\\\/schema\\\/person\\\/40b40b8e00004f9144441613210cdd3d\",\"name\":\"Charles Cleveland\",\"image\":{\"@type\":\"ImageObject\",\"inLanguage\":\"es\",\"@id\":\"https:\\\/\\\/www.clevelandmetzlaw.com\\\/wp-content\\\/litespeed\\\/avatar\\\/b2278dd71d2b15a64a98449e51b76fd4.jpg?ver=1777064856\",\"url\":\"https:\\\/\\\/www.clevelandmetzlaw.com\\\/wp-content\\\/litespeed\\\/avatar\\\/b2278dd71d2b15a64a98449e51b76fd4.jpg?ver=1777064856\",\"contentUrl\":\"https:\\\/\\\/www.clevelandmetzlaw.com\\\/wp-content\\\/litespeed\\\/avatar\\\/b2278dd71d2b15a64a98449e51b76fd4.jpg?ver=1777064856\",\"caption\":\"Charles Cleveland\"},\"url\":\"https:\\\/\\\/www.clevelandmetzlaw.com\\\/es\\\/author\\\/charlescleveland\\\/\"}]}<\/script>\n<!-- \/ Yoast SEO plugin. -->","yoast_head_json":{"title":"Despidos, despidos posteriores, el desempleo y el trauma acumulativo y las reclamaciones por lesiones repetitivas - Cleveland Metz Law","robots":{"index":"index","follow":"follow","max-snippet":"max-snippet:-1","max-image-preview":"max-image-preview:large","max-video-preview":"max-video-preview:-1"},"canonical":"https:\/\/www.clevelandmetzlaw.com\/es\/despidos-indemnizaciones-por-desempleo-y-demandas-por-traumatismos-acumulativos-y-lesiones-repetitivas\/","og_locale":"es_MX","og_type":"article","og_title":"Layoffs, Post Terminations, Unemployment and Cumulative Trauma and Repetitive Injury Claims - Cleveland Metz Law","og_description":"\u00a0 Call\u00a0 \u00a0 Email\u00a0\u00a0 \u00a0Text\u00a0 Map Workers\u2019 Compensation Insurance Rating Bureau released a report last week detailing the historic impacts of recent economic downturns on California\u2019s workers\u2019 compensation system. Workers\u2019 Compensation Insurance companies are using this pandemic as an opportunity to attack cumulative trauma and repetitive injury claims. The report notes that while overall claim&hellip;","og_url":"https:\/\/www.clevelandmetzlaw.com\/es\/despidos-indemnizaciones-por-desempleo-y-demandas-por-traumatismos-acumulativos-y-lesiones-repetitivas\/","og_site_name":"Cleveland Metz Law","article_published_time":"2020-06-11T15:56:22+00:00","article_modified_time":"2021-03-03T17:47:31+00:00","og_image":[{"url":"https:\/\/www.clevelandmetzlaw.com\/wp-content\/uploads\/2021\/03\/heder-phone-1-1.png","type":"","width":"","height":""}],"author":"Charles Cleveland","twitter_card":"summary_large_image","twitter_misc":{"Escrito por":"Charles Cleveland","Tiempo de lectura":"2 minutos"},"schema":{"@context":"https:\/\/schema.org","@graph":[{"@type":"Article","@id":"https:\/\/www.clevelandmetzlaw.com\/layoffs-post-terminations-unemployment-and-cumulative-trauma-and-repetitive-injury-claims\/#article","isPartOf":{"@id":"https:\/\/www.clevelandmetzlaw.com\/layoffs-post-terminations-unemployment-and-cumulative-trauma-and-repetitive-injury-claims\/"},"author":{"name":"Charles Cleveland","@id":"https:\/\/www.clevelandmetzlaw.com\/#\/schema\/person\/40b40b8e00004f9144441613210cdd3d"},"headline":"Layoffs, Post Terminations, Unemployment and Cumulative Trauma and Repetitive Injury Claims","datePublished":"2020-06-11T15:56:22+00:00","dateModified":"2021-03-03T17:47:31+00:00","mainEntityOfPage":{"@id":"https:\/\/www.clevelandmetzlaw.com\/layoffs-post-terminations-unemployment-and-cumulative-trauma-and-repetitive-injury-claims\/"},"wordCount":346,"image":{"@id":"https:\/\/www.clevelandmetzlaw.com\/layoffs-post-terminations-unemployment-and-cumulative-trauma-and-repetitive-injury-claims\/#primaryimage"},"thumbnailUrl":"https:\/\/www.clevelandmetzlaw.com\/wp-content\/uploads\/2021\/03\/heder-phone-1-1.png","articleSection":["Fontana COVID-19 lay offs unemployment furloughed fired post termination claims"],"inLanguage":"es"},{"@type":"WebPage","@id":"https:\/\/www.clevelandmetzlaw.com\/layoffs-post-terminations-unemployment-and-cumulative-trauma-and-repetitive-injury-claims\/","url":"https:\/\/www.clevelandmetzlaw.com\/layoffs-post-terminations-unemployment-and-cumulative-trauma-and-repetitive-injury-claims\/","name":"Despidos, despidos posteriores, el desempleo y el trauma acumulativo y las reclamaciones por lesiones repetitivas - Cleveland Metz Law","isPartOf":{"@id":"https:\/\/www.clevelandmetzlaw.com\/#website"},"primaryImageOfPage":{"@id":"https:\/\/www.clevelandmetzlaw.com\/layoffs-post-terminations-unemployment-and-cumulative-trauma-and-repetitive-injury-claims\/#primaryimage"},"image":{"@id":"https:\/\/www.clevelandmetzlaw.com\/layoffs-post-terminations-unemployment-and-cumulative-trauma-and-repetitive-injury-claims\/#primaryimage"},"thumbnailUrl":"https:\/\/www.clevelandmetzlaw.com\/wp-content\/uploads\/2021\/03\/heder-phone-1-1.png","datePublished":"2020-06-11T15:56:22+00:00","dateModified":"2021-03-03T17:47:31+00:00","author":{"@id":"https:\/\/www.clevelandmetzlaw.com\/#\/schema\/person\/40b40b8e00004f9144441613210cdd3d"},"breadcrumb":{"@id":"https:\/\/www.clevelandmetzlaw.com\/layoffs-post-terminations-unemployment-and-cumulative-trauma-and-repetitive-injury-claims\/#breadcrumb"},"inLanguage":"es","potentialAction":[{"@type":"ReadAction","target":["https:\/\/www.clevelandmetzlaw.com\/layoffs-post-terminations-unemployment-and-cumulative-trauma-and-repetitive-injury-claims\/"]}]},{"@type":"ImageObject","inLanguage":"es","@id":"https:\/\/www.clevelandmetzlaw.com\/layoffs-post-terminations-unemployment-and-cumulative-trauma-and-repetitive-injury-claims\/#primaryimage","url":"https:\/\/www.clevelandmetzlaw.com\/wp-content\/uploads\/2021\/03\/heder-phone-1-1.png","contentUrl":"https:\/\/www.clevelandmetzlaw.com\/wp-content\/uploads\/2021\/03\/heder-phone-1-1.png"},{"@type":"BreadcrumbList","@id":"https:\/\/www.clevelandmetzlaw.com\/layoffs-post-terminations-unemployment-and-cumulative-trauma-and-repetitive-injury-claims\/#breadcrumb","itemListElement":[{"@type":"ListItem","position":1,"name":"Home","item":"https:\/\/www.clevelandmetzlaw.com\/"},{"@type":"ListItem","position":2,"name":"Layoffs, Post Terminations, Unemployment and Cumulative Trauma and Repetitive Injury Claims"}]},{"@type":"WebSite","@id":"https:\/\/www.clevelandmetzlaw.com\/#website","url":"https:\/\/www.clevelandmetzlaw.com\/","name":"Cleveland Metz Law","description":"California Lesiones de Trabajo y Compensaci\u00f3n de Trabajadores Abogado","potentialAction":[{"@type":"SearchAction","target":{"@type":"EntryPoint","urlTemplate":"https:\/\/www.clevelandmetzlaw.com\/?s={search_term_string}"},"query-input":{"@type":"PropertyValueSpecification","valueRequired":true,"valueName":"search_term_string"}}],"inLanguage":"es"},{"@type":"Person","@id":"https:\/\/www.clevelandmetzlaw.com\/#\/schema\/person\/40b40b8e00004f9144441613210cdd3d","name":"Charles Cleveland","image":{"@type":"ImageObject","inLanguage":"es","@id":"https:\/\/www.clevelandmetzlaw.com\/wp-content\/litespeed\/avatar\/b2278dd71d2b15a64a98449e51b76fd4.jpg?ver=1777064856","url":"https:\/\/www.clevelandmetzlaw.com\/wp-content\/litespeed\/avatar\/b2278dd71d2b15a64a98449e51b76fd4.jpg?ver=1777064856","contentUrl":"https:\/\/www.clevelandmetzlaw.com\/wp-content\/litespeed\/avatar\/b2278dd71d2b15a64a98449e51b76fd4.jpg?ver=1777064856","caption":"Charles Cleveland"},"url":"https:\/\/www.clevelandmetzlaw.com\/es\/author\/charlescleveland\/"}]}},"_links":{"self":[{"href":"https:\/\/www.clevelandmetzlaw.com\/es\/wp-json\/wp\/v2\/posts\/4382","targetHints":{"allow":["GET"]}}],"collection":[{"href":"https:\/\/www.clevelandmetzlaw.com\/es\/wp-json\/wp\/v2\/posts"}],"about":[{"href":"https:\/\/www.clevelandmetzlaw.com\/es\/wp-json\/wp\/v2\/types\/post"}],"author":[{"embeddable":true,"href":"https:\/\/www.clevelandmetzlaw.com\/es\/wp-json\/wp\/v2\/users\/2"}],"replies":[{"embeddable":true,"href":"https:\/\/www.clevelandmetzlaw.com\/es\/wp-json\/wp\/v2\/comments?post=4382"}],"version-history":[{"count":0,"href":"https:\/\/www.clevelandmetzlaw.com\/es\/wp-json\/wp\/v2\/posts\/4382\/revisions"}],"wp:attachment":[{"href":"https:\/\/www.clevelandmetzlaw.com\/es\/wp-json\/wp\/v2\/media?parent=4382"}],"wp:term":[{"taxonomy":"category","embeddable":true,"href":"https:\/\/www.clevelandmetzlaw.com\/es\/wp-json\/wp\/v2\/categories?post=4382"},{"taxonomy":"post_tag","embeddable":true,"href":"https:\/\/www.clevelandmetzlaw.com\/es\/wp-json\/wp\/v2\/tags?post=4382"}],"curies":[{"name":"wp","href":"https:\/\/api.w.org\/{rel}","templated":true}]}}