{"id":4253,"date":"2020-04-23T08:37:27","date_gmt":"2020-04-23T15:37:27","guid":{"rendered":"https:\/\/www.clevelandmetzlaw.com\/?p=4253"},"modified":"2021-03-03T09:49:20","modified_gmt":"2021-03-03T17:49:20","slug":"los-trabajadores-lesionados-los-despidos-por-pandemia-y-las-lesiones-laborales-pueden-tener-derecho-al-seguro-de-desempleo","status":"publish","type":"post","link":"https:\/\/www.clevelandmetzlaw.com\/es\/fontana-injured-workers-pandemic-layoffs-and-work-injuries-maybe-eligible-for-unemployment-insurance\/","title":{"rendered":"Trabajadores lesionados de Fontana: Los despidos pand\u00e9micos y las lesiones laborales pueden ser elegibles para el seguro de desempleo"},"content":{"rendered":"<h3>Lesiones laborales de Fontana antes de los despidos por el virus Covid 19: puede obtener ayuda en el Departamento de Desarrollo del Empleo EDD<\/h3>\n<p>Si vive o trabaja en Fontana o en el extremo oeste de los condados de San Bernardino y Riverside, podemos ayudarlo si tuvo una lesi\u00f3n de Compensaci\u00f3n para trabajadores antes de que lo despidan, despidan, suspendan o le pidan que se vaya a casa debido al virus. Puede ser elegible para los beneficios del seguro de desempleo en el Departamento de Desarrollo Laboral de California (EDD) si fue despedido, despedido, suspendido o le dijeron que se fuera a casa debido al virus.<\/p>\n<h3>\u00a0<a href=\"tel:1-909-980-9703\"><img loading=\"lazy\" decoding=\"async\" class=\"alignnone wp-image-6223 size-full\" src=\"https:\/\/www.clevelandmetzlaw.com\/wp-content\/uploads\/2021\/03\/heder-phone-1-1.png\" alt=\"\" width=\"29\" height=\"29\" srcset=\"https:\/\/www.clevelandmetzlaw.com\/wp-content\/uploads\/2021\/03\/heder-phone-1-1.png 29w, https:\/\/www.clevelandmetzlaw.com\/wp-content\/uploads\/2021\/03\/heder-phone-1-1-12x12.png 12w\" sizes=\"auto, (max-width: 29px) 100vw, 29px\" \/> <\/a><a href=\"tel: 1-909-980-9703\">Llamada<\/a>\u00a0 \u00a0<a href=\"mailto:cc@clevelandmetzlaw.com\"><img loading=\"lazy\" decoding=\"async\" class=\"alignnone wp-image-6221\" src=\"https:\/\/www.clevelandmetzlaw.com\/wp-content\/uploads\/2021\/03\/email-icon-150x150-1.jpg\" alt=\"\" width=\"29\" height=\"29\" srcset=\"https:\/\/www.clevelandmetzlaw.com\/wp-content\/uploads\/2021\/03\/email-icon-150x150-1.jpg 150w, https:\/\/www.clevelandmetzlaw.com\/wp-content\/uploads\/2021\/03\/email-icon-150x150-1-12x12.jpg 12w\" sizes=\"auto, (max-width: 29px) 100vw, 29px\" \/><\/a> <a href=\"mailto:cc@clevelandmetzlaw.com\"><strong>Correo electr\u00f3nico<\/strong><\/a><strong>\u00a0\u00a0<\/strong><strong> <a href=\"sms:1-909-303-6374\"><img loading=\"lazy\" decoding=\"async\" class=\"alignnone wp-image-6222\" src=\"https:\/\/www.clevelandmetzlaw.com\/wp-content\/uploads\/2021\/03\/Cleveland-Metz-Text-150x150-1.png\" alt=\"\" width=\"29\" height=\"29\" srcset=\"https:\/\/www.clevelandmetzlaw.com\/wp-content\/uploads\/2021\/03\/Cleveland-Metz-Text-150x150-1.png 150w, https:\/\/www.clevelandmetzlaw.com\/wp-content\/uploads\/2021\/03\/Cleveland-Metz-Text-150x150-1-12x12.png 12w\" sizes=\"auto, (max-width: 29px) 100vw, 29px\" \/><\/a>\u00a0<\/strong><a href=\"sms:1-909-303-6374\">Texto<\/a>\u00a0 <a href=\"https:\/\/www.clevelandmetzlaw.com\/es\/encuentranos\/\"><img loading=\"lazy\" decoding=\"async\" class=\"alignnone wp-image-6224\" src=\"https:\/\/www.clevelandmetzlaw.com\/wp-content\/uploads\/2021\/03\/map-icon-ClevelandMetz-150x150-1.png\" alt=\"\" width=\"29\" height=\"29\" srcset=\"https:\/\/www.clevelandmetzlaw.com\/wp-content\/uploads\/2021\/03\/map-icon-ClevelandMetz-150x150-1.png 150w, https:\/\/www.clevelandmetzlaw.com\/wp-content\/uploads\/2021\/03\/map-icon-ClevelandMetz-150x150-1-12x12.png 12w\" sizes=\"auto, (max-width: 29px) 100vw, 29px\" \/><\/a> <a href=\"https:\/\/www.clevelandmetzlaw.com\/es\/encuentranos\/\">Mapa<\/a><\/h3>\n<p>Si se lesion\u00f3 en el trabajo antes de que lo despidieran, lo despidieran, lo dejaran sin permiso o le dijeran que se fuera a casa debido al virus, <a href=\"https:\/\/www.clevelandmetzlaw.com\/wp-content\/uploads\/2020\/04\/March-2020-unemployment-claims-work-injury-lawyers-ClevelandMetz.jpg\"><img loading=\"lazy\" decoding=\"async\" class=\"alignright  wp-image-4254\" src=\"https:\/\/www.clevelandmetzlaw.com\/wp-content\/uploads\/2020\/04\/March-2020-unemployment-claims-work-injury-lawyers-ClevelandMetz-720x197.jpg\" alt=\"\" width=\"373\" height=\"102\" srcset=\"https:\/\/www.clevelandmetzlaw.com\/wp-content\/uploads\/2020\/04\/March-2020-unemployment-claims-work-injury-lawyers-ClevelandMetz-720x197.jpg 720w, https:\/\/www.clevelandmetzlaw.com\/wp-content\/uploads\/2020\/04\/March-2020-unemployment-claims-work-injury-lawyers-ClevelandMetz-768x210.jpg 768w, https:\/\/www.clevelandmetzlaw.com\/wp-content\/uploads\/2020\/04\/March-2020-unemployment-claims-work-injury-lawyers-ClevelandMetz.jpg 1076w\" sizes=\"auto, (max-width: 373px) 100vw, 373px\" \/><\/a>tambi\u00e9n ser elegible para los beneficios de Compensaci\u00f3n al Trabajador. Podr\u00eda ser una lesi\u00f3n o incidente espec\u00edfico que ocurri\u00f3 en el trabajo o estuvo relacionado con el trabajo de alguna manera. Tambi\u00e9n podr\u00eda ser una lesi\u00f3n que ocurri\u00f3 con el tiempo, como una lesi\u00f3n por desgaste que fue el resultado de sus deberes y actividades laborales, como trabajo en el almac\u00e9n, trabajo en la l\u00ednea de montaje, teclado \/ mecanograf\u00eda o cualquier otro tipo de tarea repetitiva. Cont\u00e1ctenos lo antes posible ya que hay varios plazos en los que debe presentar su reclamo de beneficios.<\/p>\n<p>Aqu\u00ed hay algunos enlaces \u00fatiles para ayudarlo a comprender el proceso para presentar reclamos de seguro de desempleo y reclamos de seguro de discapacidad estatal si se lesiona y no puede trabajar:<\/p>\n<p><a href=\"https:\/\/www.edd.ca.gov\/Unemployment\/Filing_a_Claim.htm\">Presentar una reclamaci\u00f3n de seguro de desempleo<\/a><\/p>\n<p><a href=\"https:\/\/www.edd.ca.gov\/about_edd\/coronavirus-2019\/pandemic-unemployment-assistance.htm\">Asistencia por desempleo pand\u00e9mico<\/a><\/p>\n<p><a href=\"https:\/\/www.edd.ca.gov\/Disability\/How_to_File_a_DI_Claim_in_SDI_Online.htm\">C\u00f3mo presentar una reclamaci\u00f3n de seguro estatal por discapacidad en l\u00ednea<\/a><\/p>\n<p>&nbsp;<\/p>","protected":false},"excerpt":{"rendered":"<p>Fontana Lesiones de trabajo antes de los despidos Covid 19 virus: usted puede obtener ayuda en el Departamento de Desarrollo de Empleo EDD Si usted vive o trabaja en el Fontana o en el extremo oeste de San Bernardino y Riverside Condados, podemos ayudarle si ten\u00eda una lesi\u00f3n de Compensaci\u00f3n de Trabajadores antes de ser despedido, despedido, furloughed,...<\/p>","protected":false},"author":2,"featured_media":0,"comment_status":"closed","ping_status":"closed","sticky":false,"template":"","format":"standard","meta":{"footnotes":""},"categories":[88],"tags":[],"class_list":["post-4253","post","type-post","status-publish","format-standard","hentry","category-fontana-unemployment-claims-help-workers-compensation-injury"],"yoast_head":"<!-- This site is optimized with the Yoast SEO plugin v27.5 - https:\/\/yoast.com\/product\/yoast-seo-wordpress\/ -->\n<title>Fontana Injured Workers: Pandemic Layoffs and Work Injuries maybe Eligible for Unemployment Insurance - Cleveland Metz Law<\/title>\n<meta name=\"robots\" content=\"index, follow, max-snippet:-1, max-image-preview:large, max-video-preview:-1\" \/>\n<link rel=\"canonical\" href=\"https:\/\/www.clevelandmetzlaw.com\/es\/los-trabajadores-lesionados-los-despidos-por-pandemia-y-las-lesiones-laborales-pueden-tener-derecho-al-seguro-de-desempleo\/\" \/>\n<meta property=\"og:locale\" content=\"es_MX\" \/>\n<meta property=\"og:type\" content=\"article\" \/>\n<meta property=\"og:title\" content=\"Fontana Injured Workers: Pandemic Layoffs and Work Injuries maybe Eligible for Unemployment Insurance - Cleveland Metz Law\" \/>\n<meta property=\"og:description\" content=\"Fontana Work Injuries before the Covid 19 virus layoffs: you can get help at the Employment Development Department EDD If you live or work in the Fontana or in the west end of San Bernardino and Riverside Counties, we can help you if had a Worker&#8217;s Compensation injury before you are laid off, fired, furloughed,&hellip;\" \/>\n<meta property=\"og:url\" content=\"https:\/\/www.clevelandmetzlaw.com\/es\/los-trabajadores-lesionados-los-despidos-por-pandemia-y-las-lesiones-laborales-pueden-tener-derecho-al-seguro-de-desempleo\/\" \/>\n<meta property=\"og:site_name\" content=\"Cleveland Metz Law\" \/>\n<meta property=\"article:published_time\" content=\"2020-04-23T15:37:27+00:00\" \/>\n<meta property=\"article:modified_time\" content=\"2021-03-03T17:49:20+00:00\" \/>\n<meta property=\"og:image\" content=\"https:\/\/www.clevelandmetzlaw.com\/wp-content\/uploads\/2021\/03\/heder-phone-1-1.png\" \/>\n<meta name=\"author\" content=\"Charles Cleveland\" \/>\n<meta name=\"twitter:card\" content=\"summary_large_image\" \/>\n<meta name=\"twitter:label1\" content=\"Escrito por\" \/>\n\t<meta name=\"twitter:data1\" content=\"Charles Cleveland\" \/>\n\t<meta name=\"twitter:label2\" content=\"Tiempo de lectura\" \/>\n\t<meta name=\"twitter:data2\" content=\"1 minuto\" \/>\n<script type=\"application\/ld+json\" class=\"yoast-schema-graph\">{\"@context\":\"https:\\\/\\\/schema.org\",\"@graph\":[{\"@type\":\"Article\",\"@id\":\"https:\\\/\\\/www.clevelandmetzlaw.com\\\/fontana-injured-workers-pandemic-layoffs-and-work-injuries-maybe-eligible-for-unemployment-insurance\\\/#article\",\"isPartOf\":{\"@id\":\"https:\\\/\\\/www.clevelandmetzlaw.com\\\/fontana-injured-workers-pandemic-layoffs-and-work-injuries-maybe-eligible-for-unemployment-insurance\\\/\"},\"author\":{\"name\":\"Charles Cleveland\",\"@id\":\"https:\\\/\\\/www.clevelandmetzlaw.com\\\/#\\\/schema\\\/person\\\/40b40b8e00004f9144441613210cdd3d\"},\"headline\":\"Fontana Injured Workers: Pandemic Layoffs and Work Injuries maybe Eligible for Unemployment Insurance\",\"datePublished\":\"2020-04-23T15:37:27+00:00\",\"dateModified\":\"2021-03-03T17:49:20+00:00\",\"mainEntityOfPage\":{\"@id\":\"https:\\\/\\\/www.clevelandmetzlaw.com\\\/fontana-injured-workers-pandemic-layoffs-and-work-injuries-maybe-eligible-for-unemployment-insurance\\\/\"},\"wordCount\":272,\"image\":{\"@id\":\"https:\\\/\\\/www.clevelandmetzlaw.com\\\/fontana-injured-workers-pandemic-layoffs-and-work-injuries-maybe-eligible-for-unemployment-insurance\\\/#primaryimage\"},\"thumbnailUrl\":\"https:\\\/\\\/www.clevelandmetzlaw.com\\\/wp-content\\\/uploads\\\/2021\\\/03\\\/heder-phone-1-1.png\",\"articleSection\":[\"Fontana unemployment claims help workers compensation injury\"],\"inLanguage\":\"es\"},{\"@type\":\"WebPage\",\"@id\":\"https:\\\/\\\/www.clevelandmetzlaw.com\\\/fontana-injured-workers-pandemic-layoffs-and-work-injuries-maybe-eligible-for-unemployment-insurance\\\/\",\"url\":\"https:\\\/\\\/www.clevelandmetzlaw.com\\\/fontana-injured-workers-pandemic-layoffs-and-work-injuries-maybe-eligible-for-unemployment-insurance\\\/\",\"name\":\"Fontana Injured Workers: Pandemic Layoffs and Work Injuries maybe Eligible for Unemployment Insurance - Cleveland Metz Law\",\"isPartOf\":{\"@id\":\"https:\\\/\\\/www.clevelandmetzlaw.com\\\/#website\"},\"primaryImageOfPage\":{\"@id\":\"https:\\\/\\\/www.clevelandmetzlaw.com\\\/fontana-injured-workers-pandemic-layoffs-and-work-injuries-maybe-eligible-for-unemployment-insurance\\\/#primaryimage\"},\"image\":{\"@id\":\"https:\\\/\\\/www.clevelandmetzlaw.com\\\/fontana-injured-workers-pandemic-layoffs-and-work-injuries-maybe-eligible-for-unemployment-insurance\\\/#primaryimage\"},\"thumbnailUrl\":\"https:\\\/\\\/www.clevelandmetzlaw.com\\\/wp-content\\\/uploads\\\/2021\\\/03\\\/heder-phone-1-1.png\",\"datePublished\":\"2020-04-23T15:37:27+00:00\",\"dateModified\":\"2021-03-03T17:49:20+00:00\",\"author\":{\"@id\":\"https:\\\/\\\/www.clevelandmetzlaw.com\\\/#\\\/schema\\\/person\\\/40b40b8e00004f9144441613210cdd3d\"},\"breadcrumb\":{\"@id\":\"https:\\\/\\\/www.clevelandmetzlaw.com\\\/fontana-injured-workers-pandemic-layoffs-and-work-injuries-maybe-eligible-for-unemployment-insurance\\\/#breadcrumb\"},\"inLanguage\":\"es\",\"potentialAction\":[{\"@type\":\"ReadAction\",\"target\":[\"https:\\\/\\\/www.clevelandmetzlaw.com\\\/fontana-injured-workers-pandemic-layoffs-and-work-injuries-maybe-eligible-for-unemployment-insurance\\\/\"]}]},{\"@type\":\"ImageObject\",\"inLanguage\":\"es\",\"@id\":\"https:\\\/\\\/www.clevelandmetzlaw.com\\\/fontana-injured-workers-pandemic-layoffs-and-work-injuries-maybe-eligible-for-unemployment-insurance\\\/#primaryimage\",\"url\":\"https:\\\/\\\/www.clevelandmetzlaw.com\\\/wp-content\\\/uploads\\\/2021\\\/03\\\/heder-phone-1-1.png\",\"contentUrl\":\"https:\\\/\\\/www.clevelandmetzlaw.com\\\/wp-content\\\/uploads\\\/2021\\\/03\\\/heder-phone-1-1.png\"},{\"@type\":\"BreadcrumbList\",\"@id\":\"https:\\\/\\\/www.clevelandmetzlaw.com\\\/fontana-injured-workers-pandemic-layoffs-and-work-injuries-maybe-eligible-for-unemployment-insurance\\\/#breadcrumb\",\"itemListElement\":[{\"@type\":\"ListItem\",\"position\":1,\"name\":\"Home\",\"item\":\"https:\\\/\\\/www.clevelandmetzlaw.com\\\/\"},{\"@type\":\"ListItem\",\"position\":2,\"name\":\"Fontana Injured Workers: Pandemic Layoffs and Work Injuries maybe Eligible for Unemployment Insurance\"}]},{\"@type\":\"WebSite\",\"@id\":\"https:\\\/\\\/www.clevelandmetzlaw.com\\\/#website\",\"url\":\"https:\\\/\\\/www.clevelandmetzlaw.com\\\/\",\"name\":\"Cleveland Metz Law\",\"description\":\"California Work Injury &amp; Workers Compensation Attorney\",\"potentialAction\":[{\"@type\":\"SearchAction\",\"target\":{\"@type\":\"EntryPoint\",\"urlTemplate\":\"https:\\\/\\\/www.clevelandmetzlaw.com\\\/?s={search_term_string}\"},\"query-input\":{\"@type\":\"PropertyValueSpecification\",\"valueRequired\":true,\"valueName\":\"search_term_string\"}}],\"inLanguage\":\"es\"},{\"@type\":\"Person\",\"@id\":\"https:\\\/\\\/www.clevelandmetzlaw.com\\\/#\\\/schema\\\/person\\\/40b40b8e00004f9144441613210cdd3d\",\"name\":\"Charles Cleveland\",\"image\":{\"@type\":\"ImageObject\",\"inLanguage\":\"es\",\"@id\":\"https:\\\/\\\/www.clevelandmetzlaw.com\\\/wp-content\\\/litespeed\\\/avatar\\\/b2278dd71d2b15a64a98449e51b76fd4.jpg?ver=1777064856\",\"url\":\"https:\\\/\\\/www.clevelandmetzlaw.com\\\/wp-content\\\/litespeed\\\/avatar\\\/b2278dd71d2b15a64a98449e51b76fd4.jpg?ver=1777064856\",\"contentUrl\":\"https:\\\/\\\/www.clevelandmetzlaw.com\\\/wp-content\\\/litespeed\\\/avatar\\\/b2278dd71d2b15a64a98449e51b76fd4.jpg?ver=1777064856\",\"caption\":\"Charles Cleveland\"},\"url\":\"https:\\\/\\\/www.clevelandmetzlaw.com\\\/es\\\/author\\\/charlescleveland\\\/\"}]}<\/script>\n<!-- \/ Yoast SEO plugin. -->","yoast_head_json":{"title":"Trabajadores lesionados de Fontana: los despidos por pandemia y las lesiones laborales pueden ser elegibles para el seguro de desempleo - Cleveland Metz Law","robots":{"index":"index","follow":"follow","max-snippet":"max-snippet:-1","max-image-preview":"max-image-preview:large","max-video-preview":"max-video-preview:-1"},"canonical":"https:\/\/www.clevelandmetzlaw.com\/es\/los-trabajadores-lesionados-los-despidos-por-pandemia-y-las-lesiones-laborales-pueden-tener-derecho-al-seguro-de-desempleo\/","og_locale":"es_MX","og_type":"article","og_title":"Fontana Injured Workers: Pandemic Layoffs and Work Injuries maybe Eligible for Unemployment Insurance - Cleveland Metz Law","og_description":"Fontana Work Injuries before the Covid 19 virus layoffs: you can get help at the Employment Development Department EDD If you live or work in the Fontana or in the west end of San Bernardino and Riverside Counties, we can help you if had a Worker&#8217;s Compensation injury before you are laid off, fired, furloughed,&hellip;","og_url":"https:\/\/www.clevelandmetzlaw.com\/es\/los-trabajadores-lesionados-los-despidos-por-pandemia-y-las-lesiones-laborales-pueden-tener-derecho-al-seguro-de-desempleo\/","og_site_name":"Cleveland Metz Law","article_published_time":"2020-04-23T15:37:27+00:00","article_modified_time":"2021-03-03T17:49:20+00:00","og_image":[{"url":"https:\/\/www.clevelandmetzlaw.com\/wp-content\/uploads\/2021\/03\/heder-phone-1-1.png","type":"","width":"","height":""}],"author":"Charles Cleveland","twitter_card":"summary_large_image","twitter_misc":{"Escrito por":"Charles Cleveland","Tiempo de lectura":"1 minuto"},"schema":{"@context":"https:\/\/schema.org","@graph":[{"@type":"Article","@id":"https:\/\/www.clevelandmetzlaw.com\/fontana-injured-workers-pandemic-layoffs-and-work-injuries-maybe-eligible-for-unemployment-insurance\/#article","isPartOf":{"@id":"https:\/\/www.clevelandmetzlaw.com\/fontana-injured-workers-pandemic-layoffs-and-work-injuries-maybe-eligible-for-unemployment-insurance\/"},"author":{"name":"Charles Cleveland","@id":"https:\/\/www.clevelandmetzlaw.com\/#\/schema\/person\/40b40b8e00004f9144441613210cdd3d"},"headline":"Fontana Injured Workers: Pandemic Layoffs and Work Injuries maybe Eligible for Unemployment Insurance","datePublished":"2020-04-23T15:37:27+00:00","dateModified":"2021-03-03T17:49:20+00:00","mainEntityOfPage":{"@id":"https:\/\/www.clevelandmetzlaw.com\/fontana-injured-workers-pandemic-layoffs-and-work-injuries-maybe-eligible-for-unemployment-insurance\/"},"wordCount":272,"image":{"@id":"https:\/\/www.clevelandmetzlaw.com\/fontana-injured-workers-pandemic-layoffs-and-work-injuries-maybe-eligible-for-unemployment-insurance\/#primaryimage"},"thumbnailUrl":"https:\/\/www.clevelandmetzlaw.com\/wp-content\/uploads\/2021\/03\/heder-phone-1-1.png","articleSection":["Fontana unemployment claims help workers compensation injury"],"inLanguage":"es"},{"@type":"WebPage","@id":"https:\/\/www.clevelandmetzlaw.com\/fontana-injured-workers-pandemic-layoffs-and-work-injuries-maybe-eligible-for-unemployment-insurance\/","url":"https:\/\/www.clevelandmetzlaw.com\/fontana-injured-workers-pandemic-layoffs-and-work-injuries-maybe-eligible-for-unemployment-insurance\/","name":"Trabajadores lesionados de Fontana: los despidos por pandemia y las lesiones laborales pueden ser elegibles para el seguro de desempleo - Cleveland Metz Law","isPartOf":{"@id":"https:\/\/www.clevelandmetzlaw.com\/#website"},"primaryImageOfPage":{"@id":"https:\/\/www.clevelandmetzlaw.com\/fontana-injured-workers-pandemic-layoffs-and-work-injuries-maybe-eligible-for-unemployment-insurance\/#primaryimage"},"image":{"@id":"https:\/\/www.clevelandmetzlaw.com\/fontana-injured-workers-pandemic-layoffs-and-work-injuries-maybe-eligible-for-unemployment-insurance\/#primaryimage"},"thumbnailUrl":"https:\/\/www.clevelandmetzlaw.com\/wp-content\/uploads\/2021\/03\/heder-phone-1-1.png","datePublished":"2020-04-23T15:37:27+00:00","dateModified":"2021-03-03T17:49:20+00:00","author":{"@id":"https:\/\/www.clevelandmetzlaw.com\/#\/schema\/person\/40b40b8e00004f9144441613210cdd3d"},"breadcrumb":{"@id":"https:\/\/www.clevelandmetzlaw.com\/fontana-injured-workers-pandemic-layoffs-and-work-injuries-maybe-eligible-for-unemployment-insurance\/#breadcrumb"},"inLanguage":"es","potentialAction":[{"@type":"ReadAction","target":["https:\/\/www.clevelandmetzlaw.com\/fontana-injured-workers-pandemic-layoffs-and-work-injuries-maybe-eligible-for-unemployment-insurance\/"]}]},{"@type":"ImageObject","inLanguage":"es","@id":"https:\/\/www.clevelandmetzlaw.com\/fontana-injured-workers-pandemic-layoffs-and-work-injuries-maybe-eligible-for-unemployment-insurance\/#primaryimage","url":"https:\/\/www.clevelandmetzlaw.com\/wp-content\/uploads\/2021\/03\/heder-phone-1-1.png","contentUrl":"https:\/\/www.clevelandmetzlaw.com\/wp-content\/uploads\/2021\/03\/heder-phone-1-1.png"},{"@type":"BreadcrumbList","@id":"https:\/\/www.clevelandmetzlaw.com\/fontana-injured-workers-pandemic-layoffs-and-work-injuries-maybe-eligible-for-unemployment-insurance\/#breadcrumb","itemListElement":[{"@type":"ListItem","position":1,"name":"Home","item":"https:\/\/www.clevelandmetzlaw.com\/"},{"@type":"ListItem","position":2,"name":"Fontana Injured Workers: Pandemic Layoffs and Work Injuries maybe Eligible for Unemployment Insurance"}]},{"@type":"WebSite","@id":"https:\/\/www.clevelandmetzlaw.com\/#website","url":"https:\/\/www.clevelandmetzlaw.com\/","name":"Cleveland Metz Law","description":"California Lesiones de Trabajo y Compensaci\u00f3n de Trabajadores Abogado","potentialAction":[{"@type":"SearchAction","target":{"@type":"EntryPoint","urlTemplate":"https:\/\/www.clevelandmetzlaw.com\/?s={search_term_string}"},"query-input":{"@type":"PropertyValueSpecification","valueRequired":true,"valueName":"search_term_string"}}],"inLanguage":"es"},{"@type":"Person","@id":"https:\/\/www.clevelandmetzlaw.com\/#\/schema\/person\/40b40b8e00004f9144441613210cdd3d","name":"Charles Cleveland","image":{"@type":"ImageObject","inLanguage":"es","@id":"https:\/\/www.clevelandmetzlaw.com\/wp-content\/litespeed\/avatar\/b2278dd71d2b15a64a98449e51b76fd4.jpg?ver=1777064856","url":"https:\/\/www.clevelandmetzlaw.com\/wp-content\/litespeed\/avatar\/b2278dd71d2b15a64a98449e51b76fd4.jpg?ver=1777064856","contentUrl":"https:\/\/www.clevelandmetzlaw.com\/wp-content\/litespeed\/avatar\/b2278dd71d2b15a64a98449e51b76fd4.jpg?ver=1777064856","caption":"Charles Cleveland"},"url":"https:\/\/www.clevelandmetzlaw.com\/es\/author\/charlescleveland\/"}]}},"_links":{"self":[{"href":"https:\/\/www.clevelandmetzlaw.com\/es\/wp-json\/wp\/v2\/posts\/4253","targetHints":{"allow":["GET"]}}],"collection":[{"href":"https:\/\/www.clevelandmetzlaw.com\/es\/wp-json\/wp\/v2\/posts"}],"about":[{"href":"https:\/\/www.clevelandmetzlaw.com\/es\/wp-json\/wp\/v2\/types\/post"}],"author":[{"embeddable":true,"href":"https:\/\/www.clevelandmetzlaw.com\/es\/wp-json\/wp\/v2\/users\/2"}],"replies":[{"embeddable":true,"href":"https:\/\/www.clevelandmetzlaw.com\/es\/wp-json\/wp\/v2\/comments?post=4253"}],"version-history":[{"count":0,"href":"https:\/\/www.clevelandmetzlaw.com\/es\/wp-json\/wp\/v2\/posts\/4253\/revisions"}],"wp:attachment":[{"href":"https:\/\/www.clevelandmetzlaw.com\/es\/wp-json\/wp\/v2\/media?parent=4253"}],"wp:term":[{"taxonomy":"category","embeddable":true,"href":"https:\/\/www.clevelandmetzlaw.com\/es\/wp-json\/wp\/v2\/categories?post=4253"},{"taxonomy":"post_tag","embeddable":true,"href":"https:\/\/www.clevelandmetzlaw.com\/es\/wp-json\/wp\/v2\/tags?post=4253"}],"curies":[{"name":"wp","href":"https:\/\/api.w.org\/{rel}","templated":true}]}}